{"id":33,"date":"2024-09-20T19:00:51","date_gmt":"2024-09-20T19:00:51","guid":{"rendered":"https:\/\/demo2wpopal.b-cdn.net\/asteno\/top-10-most-instagrammable-places-in-willamette-valley\/"},"modified":"2025-03-19T14:32:48","modified_gmt":"2025-03-19T14:32:48","slug":"vindimas-adega-cooperativa-de-murca-2024","status":"publish","type":"post","link":"https:\/\/cavesdemurca.pt\/en\/vindimas-adega-cooperativa-de-murca-2024\/","title":{"rendered":"Mur\u00e7a Cooperative Winery 2024 Harvest"},"content":{"rendered":"<div data-elementor-type=\"wp-post\" data-elementor-id=\"33\" class=\"elementor elementor-33\" data-elementor-post-type=\"post\">\n\t\t\t\t<div class=\"elementor-element elementor-element-633738c8 e-flex e-con-boxed e-con e-parent\" data-id=\"633738c8\" data-element_type=\"container\">\n\t\t\t\t\t<div class=\"e-con-inner\">\n\t\t\t\t<div class=\"elementor-element elementor-element-26d864c0 elementor-widget elementor-widget-text-editor\" data-id=\"26d864c0\" data-element_type=\"widget\" data-widget_type=\"text-editor.default\">\n\t\t\t\t<div class=\"elementor-widget-container\">\n\t\t\t\t\t\t\t<p>The harvest season at Caves de Mur\u00e7a marks the high point of the year, where the dedication and hard work of everyone involved is reflected in the production of our excellent wines.<\/p>\n<p>Each grape is harvested with the care and precision necessary to guarantee the quality that distinguishes us, preserving the winemaking tradition of Tr\u00e1s-os-Montes.<\/p>\n<p>From the vineyards to the glass, nature and the knowledge accumulated over generations come together with the common goal of creating wines that will become true ambassadors of this region.<\/p>\n<p>To our associates, whose dedication makes all this possible, we extend our most sincere gratitude. Together, we celebrate the fruits of this collective work and renew, year after year, our commitment to excellence.<\/p>\n<p><a tabindex=\"0\" role=\"link\" href=\"https:\/\/www.facebook.com\/hashtag\/vindimas2024?__eep__=6&amp;__cft__[0]=AZXvv9VxK8YI-B3bdAJrJQzOkmn_2cBmRC28JtIAQsbNScmjUr7hyPR1U6eJyrjZDOAMLkKlffREup5sgTncGrG9JMhukN4rML4xBjvNTU19aPC8UD1sTa1YzIrfR3BeAJY4opUXFFRXBzMMFkHuWEJ4KoFtMzkTRAqk1aXp9tw7X0buDvXxmHOtT-I7YdjQbI6eMOLoDES6UUnpeUdQE4Hz&amp;__tn__=*NK-R\" target=\"_blank\" rel=\"noopener noreferrer nofollow\">#Vindimas2024<\/a> <a tabindex=\"0\" role=\"link\" href=\"https:\/\/www.facebook.com\/hashtag\/cavesdemur%C3%A7a?__eep__=6&amp;__cft__[0]=AZXvv9VxK8YI-B3bdAJrJQzOkmn_2cBmRC28JtIAQsbNScmjUr7hyPR1U6eJyrjZDOAMLkKlffREup5sgTncGrG9JMhukN4rML4xBjvNTU19aPC8UD1sTa1YzIrfR3BeAJY4opUXFFRXBzMMFkHuWEJ4KoFtMzkTRAqk1aXp9tw7X0buDvXxmHOtT-I7YdjQbI6eMOLoDES6UUnpeUdQE4Hz&amp;__tn__=*NK-R\" target=\"_blank\" rel=\"noopener noreferrer nofollow\">#CavesOfMur\u00e7a<\/a> <a tabindex=\"0\" role=\"link\" href=\"https:\/\/www.facebook.com\/hashtag\/tradi%C3%A7%C3%A3oequalidade?__eep__=6&amp;__cft__[0]=AZXvv9VxK8YI-B3bdAJrJQzOkmn_2cBmRC28JtIAQsbNScmjUr7hyPR1U6eJyrjZDOAMLkKlffREup5sgTncGrG9JMhukN4rML4xBjvNTU19aPC8UD1sTa1YzIrfR3BeAJY4opUXFFRXBzMMFkHuWEJ4KoFtMzkTRAqk1aXp9tw7X0buDvXxmHOtT-I7YdjQbI6eMOLoDES6UUnpeUdQE4Hz&amp;__tn__=*NK-R\" target=\"_blank\" rel=\"noopener noreferrer nofollow\">#TraditionAndQuality<\/a><\/p>\t\t\t\t\t\t<\/div>\n\t\t\t\t<\/div>\n\t\t\t\t<div class=\"elementor-element elementor-element-190f59e elementor-widget elementor-widget-video\" data-id=\"190f59e\" data-element_type=\"widget\" data-settings=\"{&quot;youtube_url&quot;:&quot;https:\\\/\\\/www.youtube.com\\\/watch?v=Hu6wr4xcdsM&quot;,&quot;video_type&quot;:&quot;youtube&quot;,&quot;controls&quot;:&quot;yes&quot;}\" data-widget_type=\"video.default\">\n\t\t\t\t<div class=\"elementor-widget-container\">\n\t\t\t\t\t<div class=\"elementor-wrapper elementor-open-inline\">\n\t\t\t<div class=\"elementor-video\"><\/div>\t\t<\/div>\n\t\t\t\t<\/div>\n\t\t\t\t<\/div>\n\t\t\t\t\t<\/div>\n\t\t\t\t<\/div>\n\t\t\t\t<\/div>","protected":false},"excerpt":{"rendered":"<p>A \u00e9poca das vindimas nas Caves de Mur\u00e7a marca o ponto alto do ano, onde a dedica\u00e7\u00e3o e o trabalho \u00e1rduo de todos os envolvidos \u00e9 refletido na produ\u00e7\u00e3o dos nossos vinhos de excel\u00eancia. Cada uva \u00e9 colhida com o cuidado e a precis\u00e3o necess\u00e1rios para garantir a qualidade que nos distingue, preservando a tradi\u00e7\u00e3o [&hellip;]<\/p>","protected":false},"author":1,"featured_media":4259,"comment_status":"closed","ping_status":"closed","sticky":false,"template":"","format":"standard","meta":{"_acf_changed":false,"footnotes":""},"categories":[43],"tags":[],"class_list":["post-33","post","type-post","status-publish","format-standard","has-post-thumbnail","hentry","category-vindimas"],"acf":[],"_links":{"self":[{"href":"https:\/\/cavesdemurca.pt\/en\/wp-json\/wp\/v2\/posts\/33","targetHints":{"allow":["GET"]}}],"collection":[{"href":"https:\/\/cavesdemurca.pt\/en\/wp-json\/wp\/v2\/posts"}],"about":[{"href":"https:\/\/cavesdemurca.pt\/en\/wp-json\/wp\/v2\/types\/post"}],"author":[{"embeddable":true,"href":"https:\/\/cavesdemurca.pt\/en\/wp-json\/wp\/v2\/users\/1"}],"replies":[{"embeddable":true,"href":"https:\/\/cavesdemurca.pt\/en\/wp-json\/wp\/v2\/comments?post=33"}],"version-history":[{"count":10,"href":"https:\/\/cavesdemurca.pt\/en\/wp-json\/wp\/v2\/posts\/33\/revisions"}],"predecessor-version":[{"id":5579,"href":"https:\/\/cavesdemurca.pt\/en\/wp-json\/wp\/v2\/posts\/33\/revisions\/5579"}],"wp:featuredmedia":[{"embeddable":true,"href":"https:\/\/cavesdemurca.pt\/en\/wp-json\/wp\/v2\/media\/4259"}],"wp:attachment":[{"href":"https:\/\/cavesdemurca.pt\/en\/wp-json\/wp\/v2\/media?parent=33"}],"wp:term":[{"taxonomy":"category","embeddable":true,"href":"https:\/\/cavesdemurca.pt\/en\/wp-json\/wp\/v2\/categories?post=33"},{"taxonomy":"post_tag","embeddable":true,"href":"https:\/\/cavesdemurca.pt\/en\/wp-json\/wp\/v2\/tags?post=33"}],"curies":[{"name":"wp","href":"https:\/\/api.w.org\/{rel}","templated":true}]}}